{"id":603,"date":"2022-01-26T01:48:46","date_gmt":"2022-01-26T01:48:46","guid":{"rendered":"https:\/\/www.cybermedian.com\/pt\/?p=603"},"modified":"2022-04-01T11:37:12","modified_gmt":"2022-04-01T03:37:12","slug":"critical-thinking-what-is-y-chart","status":"publish","type":"post","link":"https:\/\/www.cybermedian.com\/pt\/critical-thinking-what-is-y-chart\/","title":{"rendered":"Pensamento Cr\u00edtico: O que \u00e9 o Y-Chart?"},"content":{"rendered":"<section class=\"section section--body section--first\">\n<div class=\"section-content\">\n<div class=\"section-inner sectionLayout--insetColumn\">\n<section class=\"section section--body section--first\">\n<div class=\"section-content\">\n<div class=\"section-inner sectionLayout--insetColumn\">\n<p id=\"f1f3\" class=\"graf graf--p graf-after--h3\">O gr\u00e1fico Y \u00e9 um organizador gr\u00e1fico de tr\u00eas partes que organiza o brainstorming de um t\u00f3pico em tr\u00eas dimens\u00f5es:<\/p>\n<ul class=\"postList\">\n<li id=\"94a0\" class=\"graf graf--li graf-after--p\">Com o que se parece?<\/li>\n<li id=\"ed12\" class=\"graf graf--li graf-after--li\">Qual \u00e9 a sensa\u00e7\u00e3o?<\/li>\n<li id=\"21ff\" class=\"graf graf--li graf-after--li\">Como isso soa?<\/li>\n<\/ul>\n<p id=\"fe39\" class=\"graf graf--p graf-after--li\">Tradicionalmente, os professores t\u00eam usado o Gr\u00e1fico Y como uma ferramenta eficaz na sala de aula por muitos anos.\u00a0Ele serve como uma ferramenta anal\u00edtica, pois alunos e professores se esfor\u00e7am para descobrir cada vez mais sobre um t\u00f3pico usando a abordagem sensorial do que esse t\u00f3pico parece, soa e sente.<\/p>\n<figure id=\"a939\" class=\"graf graf--figure graf-after--p\"><img decoding=\"async\" class=\"graf-image\" src=\"https:\/\/www.cybermedian.com\/pt\/wp-content\/uploads\/sites\/11\/2022\/01\/0sOQDIUrDiZ4VVAfH.png\" data-image-id=\"0*sOQDIUrDiZ4VVAfH.png\" data-width=\"528\" data-height=\"526\" data-is-featured=\"true\" \/><\/figure>\n<p id=\"dc03\" class=\"graf graf--p graf-after--figure\"><a class=\"markup--anchor markup--p-anchor\" href=\"https:\/\/online.visual-paradigm.com\/app\/diagrams\/#diagram:proj=0&amp;type=YChart&amp;gallery=\/repository\/ef7ec69c-02e8-47a9-a24f-499c9ca7675b.xml&amp;name=Circle%20Y%20Chart%20Template\" target=\"_blank\" rel=\"noopener\" data-href=\"https:\/\/online.visual-paradigm.com\/app\/diagrams\/#diagram:proj=0&amp;type=YChart&amp;gallery=\/repository\/ef7ec69c-02e8-47a9-a24f-499c9ca7675b.xml&amp;name=Circle%20Y%20Chart%20Template\">Edite este modelo de gr\u00e1fico Y<\/a><\/p>\n<p id=\"9e4d\" class=\"graf graf--p graf-after--p\">O T-Chart geralmente \u00e9 conclu\u00eddo como um est\u00e1gio de pr\u00e9-produto ou um exerc\u00edcio de brainstorming a partir do qual se pode come\u00e7ar a criar um produto, como um relat\u00f3rio escrito, mapas de bolhas, Powerpoints e entrevistas.\u00a0Esse processo incentiva os participantes a serem pensadores cr\u00edticos e a identificar comportamentos apropriados para alcan\u00e7ar isso.<\/p>\n<h3 id=\"1e6f\" class=\"graf graf--h3 graf-after--p\"><span id=\"Steps_for_Creating_a_Y-Chart\">Etapas para criar um gr\u00e1fico Y?<\/span><\/h3>\n<ol class=\"postList\">\n<li id=\"e7b9\" class=\"graf graf--li graf-after--h3\">Decida o t\u00f3pico\/habilidade social que deseja explorar com seus alunos<\/li>\n<li id=\"febe\" class=\"graf graf--li graf-after--li\">Organize os alunos em pequenos grupos, alocando tarefas para cada membro do grupo, como registrador, rep\u00f3rter, cronometrista, organizador<\/li>\n<li id=\"1633\" class=\"graf graf--li graf-after--li\">Os membros da equipe criam um gr\u00e1fico Y com o t\u00edtulo Parece, soa e parece em cada ter\u00e7o do gr\u00e1fico<\/li>\n<li id=\"713d\" class=\"graf graf--li graf-after--li\">Fa\u00e7a com que a equipe fa\u00e7a um brainstorming de tantas possibilidades quanto poss\u00edvel dentro de um limite de tempo espec\u00edfico<\/li>\n<li id=\"aed5\" class=\"graf graf--li graf-after--li\">Cada grupo relata<\/li>\n<\/ol>\n<p id=\"1aac\" class=\"graf graf--p graf-after--li\">Exemplo \u2014 como \u00e9 uma reuni\u00e3o de forma\u00e7\u00e3o de equipe, como \u00e9 e como soa.<\/p>\n<figure id=\"a697\" class=\"graf graf--figure graf-after--p\"><img decoding=\"async\" class=\"graf-image\" src=\"https:\/\/www.cybermedian.com\/pt\/wp-content\/uploads\/sites\/11\/2022\/01\/0_fVBhLbAbfAw52Aq.png\" data-image-id=\"0*_fVBhLbAbfAw52Aq.png\" data-width=\"587\" data-height=\"505\" \/><\/figure>\n<p id=\"3e00\" class=\"graf graf--p graf-after--figure graf--trailing\"><a class=\"markup--anchor markup--p-anchor\" href=\"https:\/\/online.visual-paradigm.com\/app\/diagrams\/#diagram:proj=0&amp;type=YChart&amp;gallery=\/repository\/e7acce9c-313a-48f3-943d-cf42e8c02754.xml&amp;name=Y%20Chart%20Example\" target=\"_blank\" rel=\"noopener\" data-href=\"https:\/\/online.visual-paradigm.com\/app\/diagrams\/#diagram:proj=0&amp;type=YChart&amp;gallery=\/repository\/e7acce9c-313a-48f3-943d-cf42e8c02754.xml&amp;name=Y%20Chart%20Example\">Edite este exemplo de gr\u00e1fico Y<\/a><\/p>\n<\/div>\n<\/div>\n<\/section>\n<section class=\"section section--body section--last\">\n<div class=\"section-divider\">\n<hr class=\"section-divider\" \/>\n<\/div>\n<div class=\"section-content\">\n<div class=\"section-inner sectionLayout--insetColumn\">\n<p id=\"db86\" class=\"graf graf--p graf--leading\">Voc\u00ea pode criar gr\u00e1ficos y gratuitamente usando o para\u00edso visual online, que pode criar gr\u00e1ficos y e v\u00e1rios modelos de gr\u00e1ficos t\u00e9cnicos e de neg\u00f3cios.\u00a0Ele tamb\u00e9m suporta trabalho remoto, confer\u00eancias online e webinars e oferece recursos avan\u00e7ados de colabora\u00e7\u00e3o em tempo real.\u00a0\u00c9 gratuito para fins acad\u00eamicos ou de ensino.<\/p>\n<p id=\"428f\" class=\"graf graf--p graf-after--p graf--trailing\"><a class=\"markup--anchor markup--p-anchor\" href=\"https:\/\/online.visual-paradigm.com\/drive\/#diagramlist:proj=0&amp;new=YChart\" target=\"_blank\" rel=\"noopener\" data-href=\"https:\/\/online.visual-paradigm.com\/drive\/#diagramlist:proj=0&amp;new=YChart\"><strong class=\"markup--strong markup--p-strong\">CRIE SEU GR\u00c1FICO Y<\/strong><\/a><\/p>\n<\/div>\n<\/div>\n<\/section>\n<\/div>\n<\/div>\n<\/section>\n<section class=\"section section--body section--last\">\n<div class=\"section-content\">\n<div class=\"section-inner sectionLayout--insetColumn\"><\/div>\n<\/div>\n<\/section>\n","protected":false},"excerpt":{"rendered":"<p>O Y-Chart \u00e9 um gr\u00e1fico composto de tr\u00eas partes que podem ajudar a organizar a compreens\u00e3o do assunto escrevendo e\/ou desenhando o olhar, a sensa\u00e7\u00e3o e o som do assunto. (1) Qual \u00e9 o aspecto do gr\u00e1fico? (2) Qual \u00e9 a sensa\u00e7\u00e3o? (3) O que lhe parece? e?<\/p>\n","protected":false},"author":1,"featured_media":1013,"comment_status":"open","ping_status":"open","sticky":false,"template":"","format":"standard","meta":{"_yoast_wpseo_title":"","_yoast_wpseo_metadesc":"","footnotes":""},"categories":[2,10,11,13],"tags":[52,63,62,53],"class_list":["post-603","post","type-post","status-publish","format-standard","has-post-thumbnail","hentry","category-agile-project-management","category-brainstorming","category-lean-approach","category-online-diagrams","tag-cn-done","tag-es-done","tag-ja-done","tag-tw-done"],"yoast_head":"<!-- This site is optimized with the Yoast SEO plugin v26.7 - https:\/\/yoast.com\/wordpress\/plugins\/seo\/ -->\n<title>Pensamento Cr\u00edtico: O que \u00e9 o Y-Chart? - Cibermediano<\/title>\n<meta name=\"robots\" content=\"index, follow, max-snippet:-1, max-image-preview:large, max-video-preview:-1\" \/>\n<link rel=\"canonical\" href=\"https:\/\/www.cybermedian.com\/pt\/critical-thinking-what-is-y-chart\/\" \/>\n<meta property=\"og:locale\" content=\"pt_PT\" \/>\n<meta property=\"og:type\" content=\"article\" \/>\n<meta property=\"og:title\" content=\"Pensamento Cr\u00edtico: O que \u00e9 o Y-Chart? - Cibermediano\" \/>\n<meta property=\"og:description\" content=\"O Y-Chart \u00e9 um gr\u00e1fico composto de tr\u00eas partes que podem ajudar a organizar a compreens\u00e3o do assunto escrevendo e\/ou desenhando o olhar, a sensa\u00e7\u00e3o e o som do assunto. (1) Qual \u00e9 o aspecto do gr\u00e1fico? (2) Qual \u00e9 a sensa\u00e7\u00e3o? (3) O que lhe parece? e?\" \/>\n<meta property=\"og:url\" content=\"https:\/\/www.cybermedian.com\/pt\/critical-thinking-what-is-y-chart\/\" \/>\n<meta property=\"og:site_name\" content=\"Cibermediano\" \/>\n<meta property=\"article:published_time\" content=\"2022-01-26T01:48:46+00:00\" \/>\n<meta property=\"article:modified_time\" content=\"2022-04-01T03:37:12+00:00\" \/>\n<meta property=\"og:image\" content=\"https:\/\/cdn-images.visual-paradigm.com\/features\/v16\/2\/y-chart-tool\/y-chart-tool.png\" \/>\n<meta name=\"author\" content=\"vpadmin\" \/>\n<meta name=\"twitter:card\" content=\"summary_large_image\" \/>\n<meta name=\"twitter:image\" content=\"https:\/\/cdn-images.visual-paradigm.com\/features\/v16\/2\/y-chart-tool\/y-chart-tool.png\" \/>\n<meta name=\"twitter:creator\" content=\"@vpadmin\" \/>\n<meta name=\"twitter:label1\" content=\"Escrito por\" \/>\n\t<meta name=\"twitter:data1\" content=\"vpadmin\" \/>\n\t<meta name=\"twitter:label2\" content=\"Tempo estimado de leitura\" \/>\n\t<meta name=\"twitter:data2\" content=\"2 minutos\" \/>\n<script type=\"application\/ld+json\" class=\"yoast-schema-graph\">{\"@context\":\"https:\/\/schema.org\",\"@graph\":[{\"@type\":\"Article\",\"@id\":\"https:\/\/www.cybermedian.com\/pt\/critical-thinking-what-is-y-chart\/#article\",\"isPartOf\":{\"@id\":\"https:\/\/www.cybermedian.com\/pt\/critical-thinking-what-is-y-chart\/\"},\"author\":{\"name\":\"vpadmin\",\"@id\":\"https:\/\/www.cybermedian.com\/pt\/#\/schema\/person\/0122cdf8fc3b73482dd8a30c8500f75a\"},\"headline\":\"Pensamento Cr\u00edtico: O que \u00e9 o Y-Chart?\",\"datePublished\":\"2022-01-26T01:48:46+00:00\",\"dateModified\":\"2022-04-01T03:37:12+00:00\",\"mainEntityOfPage\":{\"@id\":\"https:\/\/www.cybermedian.com\/pt\/critical-thinking-what-is-y-chart\/\"},\"wordCount\":345,\"commentCount\":0,\"image\":{\"@id\":\"https:\/\/www.cybermedian.com\/pt\/critical-thinking-what-is-y-chart\/#primaryimage\"},\"thumbnailUrl\":\"https:\/\/cdn-images.visual-paradigm.com\/features\/v16\/2\/y-chart-tool\/y-chart-tool.png\",\"keywords\":[\"cn-done\",\"es-done\",\"ja-done\",\"tw-done\"],\"articleSection\":[\"Agile Project Management\",\"Brainstorming\",\"Lean Approach\",\"Online Diagrams\"],\"inLanguage\":\"pt-PT\",\"potentialAction\":[{\"@type\":\"CommentAction\",\"name\":\"Comment\",\"target\":[\"https:\/\/www.cybermedian.com\/pt\/critical-thinking-what-is-y-chart\/#respond\"]}]},{\"@type\":\"WebPage\",\"@id\":\"https:\/\/www.cybermedian.com\/pt\/critical-thinking-what-is-y-chart\/\",\"url\":\"https:\/\/www.cybermedian.com\/pt\/critical-thinking-what-is-y-chart\/\",\"name\":\"Pensamento Cr\u00edtico: O que \u00e9 o Y-Chart? - Cibermediano\",\"isPartOf\":{\"@id\":\"https:\/\/www.cybermedian.com\/pt\/#website\"},\"primaryImageOfPage\":{\"@id\":\"https:\/\/www.cybermedian.com\/pt\/critical-thinking-what-is-y-chart\/#primaryimage\"},\"image\":{\"@id\":\"https:\/\/www.cybermedian.com\/pt\/critical-thinking-what-is-y-chart\/#primaryimage\"},\"thumbnailUrl\":\"https:\/\/cdn-images.visual-paradigm.com\/features\/v16\/2\/y-chart-tool\/y-chart-tool.png\",\"datePublished\":\"2022-01-26T01:48:46+00:00\",\"dateModified\":\"2022-04-01T03:37:12+00:00\",\"author\":{\"@id\":\"https:\/\/www.cybermedian.com\/pt\/#\/schema\/person\/0122cdf8fc3b73482dd8a30c8500f75a\"},\"breadcrumb\":{\"@id\":\"https:\/\/www.cybermedian.com\/pt\/critical-thinking-what-is-y-chart\/#breadcrumb\"},\"inLanguage\":\"pt-PT\",\"potentialAction\":[{\"@type\":\"ReadAction\",\"target\":[\"https:\/\/www.cybermedian.com\/pt\/critical-thinking-what-is-y-chart\/\"]}]},{\"@type\":\"ImageObject\",\"inLanguage\":\"pt-PT\",\"@id\":\"https:\/\/www.cybermedian.com\/pt\/critical-thinking-what-is-y-chart\/#primaryimage\",\"url\":\"https:\/\/cdn-images.visual-paradigm.com\/features\/v16\/2\/y-chart-tool\/y-chart-tool.png\",\"contentUrl\":\"https:\/\/cdn-images.visual-paradigm.com\/features\/v16\/2\/y-chart-tool\/y-chart-tool.png\",\"width\":\"1170\",\"height\":\"658\",\"caption\":\"Pensamento Cr\u00edtico: O que \u00e9 o Y-Chart?\"},{\"@type\":\"BreadcrumbList\",\"@id\":\"https:\/\/www.cybermedian.com\/pt\/critical-thinking-what-is-y-chart\/#breadcrumb\",\"itemListElement\":[{\"@type\":\"ListItem\",\"position\":1,\"name\":\"Home\",\"item\":\"https:\/\/www.cybermedian.com\/pt\/\"},{\"@type\":\"ListItem\",\"position\":2,\"name\":\"Pensamento Cr\u00edtico: O que \u00e9 o Y-Chart?\"}]},{\"@type\":\"WebSite\",\"@id\":\"https:\/\/www.cybermedian.com\/pt\/#website\",\"url\":\"https:\/\/www.cybermedian.com\/pt\/\",\"name\":\"Cibermediano\",\"description\":\"Aprendendo uma coisa nova todos os dias\",\"potentialAction\":[{\"@type\":\"SearchAction\",\"target\":{\"@type\":\"EntryPoint\",\"urlTemplate\":\"https:\/\/www.cybermedian.com\/pt\/?s={search_term_string}\"},\"query-input\":{\"@type\":\"PropertyValueSpecification\",\"valueRequired\":true,\"valueName\":\"search_term_string\"}}],\"inLanguage\":\"pt-PT\"},{\"@type\":\"Person\",\"@id\":\"https:\/\/www.cybermedian.com\/pt\/#\/schema\/person\/0122cdf8fc3b73482dd8a30c8500f75a\",\"name\":\"vpadmin\",\"image\":{\"@type\":\"ImageObject\",\"inLanguage\":\"pt-PT\",\"@id\":\"https:\/\/www.cybermedian.com\/pt\/#\/schema\/person\/image\/\",\"url\":\"https:\/\/secure.gravatar.com\/avatar\/3914788226b9b0af628488720662164f4641c6125d0bd38d90ae34f01c8c4ea3?s=96&d=mm&r=g\",\"contentUrl\":\"https:\/\/secure.gravatar.com\/avatar\/3914788226b9b0af628488720662164f4641c6125d0bd38d90ae34f01c8c4ea3?s=96&d=mm&r=g\",\"caption\":\"vpadmin\"},\"sameAs\":[\"https:\/\/x.com\/vpadmin\"],\"url\":\"https:\/\/www.cybermedian.com\/pt\/author\/vpadmin\/\"}]}<\/script>\n<!-- \/ Yoast SEO plugin. -->","yoast_head_json":{"title":"Pensamento Cr\u00edtico: O que \u00e9 o Y-Chart? - Cibermediano","robots":{"index":"index","follow":"follow","max-snippet":"max-snippet:-1","max-image-preview":"max-image-preview:large","max-video-preview":"max-video-preview:-1"},"canonical":"https:\/\/www.cybermedian.com\/pt\/critical-thinking-what-is-y-chart\/","og_locale":"pt_PT","og_type":"article","og_title":"Pensamento Cr\u00edtico: O que \u00e9 o Y-Chart? - Cibermediano","og_description":"O Y-Chart \u00e9 um gr\u00e1fico composto de tr\u00eas partes que podem ajudar a organizar a compreens\u00e3o do assunto escrevendo e\/ou desenhando o olhar, a sensa\u00e7\u00e3o e o som do assunto. (1) Qual \u00e9 o aspecto do gr\u00e1fico? (2) Qual \u00e9 a sensa\u00e7\u00e3o? (3) O que lhe parece? e?","og_url":"https:\/\/www.cybermedian.com\/pt\/critical-thinking-what-is-y-chart\/","og_site_name":"Cibermediano","article_published_time":"2022-01-26T01:48:46+00:00","article_modified_time":"2022-04-01T03:37:12+00:00","og_image":[{"url":"https:\/\/cdn-images.visual-paradigm.com\/features\/v16\/2\/y-chart-tool\/y-chart-tool.png","type":"","width":"","height":""}],"author":"vpadmin","twitter_card":"summary_large_image","twitter_image":"https:\/\/cdn-images.visual-paradigm.com\/features\/v16\/2\/y-chart-tool\/y-chart-tool.png","twitter_creator":"@vpadmin","twitter_misc":{"Escrito por":"vpadmin","Tempo estimado de leitura":"2 minutos"},"schema":{"@context":"https:\/\/schema.org","@graph":[{"@type":"Article","@id":"https:\/\/www.cybermedian.com\/pt\/critical-thinking-what-is-y-chart\/#article","isPartOf":{"@id":"https:\/\/www.cybermedian.com\/pt\/critical-thinking-what-is-y-chart\/"},"author":{"name":"vpadmin","@id":"https:\/\/www.cybermedian.com\/pt\/#\/schema\/person\/0122cdf8fc3b73482dd8a30c8500f75a"},"headline":"Pensamento Cr\u00edtico: O que \u00e9 o Y-Chart?","datePublished":"2022-01-26T01:48:46+00:00","dateModified":"2022-04-01T03:37:12+00:00","mainEntityOfPage":{"@id":"https:\/\/www.cybermedian.com\/pt\/critical-thinking-what-is-y-chart\/"},"wordCount":345,"commentCount":0,"image":{"@id":"https:\/\/www.cybermedian.com\/pt\/critical-thinking-what-is-y-chart\/#primaryimage"},"thumbnailUrl":"https:\/\/cdn-images.visual-paradigm.com\/features\/v16\/2\/y-chart-tool\/y-chart-tool.png","keywords":["cn-done","es-done","ja-done","tw-done"],"articleSection":["Agile Project Management","Brainstorming","Lean Approach","Online Diagrams"],"inLanguage":"pt-PT","potentialAction":[{"@type":"CommentAction","name":"Comment","target":["https:\/\/www.cybermedian.com\/pt\/critical-thinking-what-is-y-chart\/#respond"]}]},{"@type":"WebPage","@id":"https:\/\/www.cybermedian.com\/pt\/critical-thinking-what-is-y-chart\/","url":"https:\/\/www.cybermedian.com\/pt\/critical-thinking-what-is-y-chart\/","name":"Pensamento Cr\u00edtico: O que \u00e9 o Y-Chart? - Cibermediano","isPartOf":{"@id":"https:\/\/www.cybermedian.com\/pt\/#website"},"primaryImageOfPage":{"@id":"https:\/\/www.cybermedian.com\/pt\/critical-thinking-what-is-y-chart\/#primaryimage"},"image":{"@id":"https:\/\/www.cybermedian.com\/pt\/critical-thinking-what-is-y-chart\/#primaryimage"},"thumbnailUrl":"https:\/\/cdn-images.visual-paradigm.com\/features\/v16\/2\/y-chart-tool\/y-chart-tool.png","datePublished":"2022-01-26T01:48:46+00:00","dateModified":"2022-04-01T03:37:12+00:00","author":{"@id":"https:\/\/www.cybermedian.com\/pt\/#\/schema\/person\/0122cdf8fc3b73482dd8a30c8500f75a"},"breadcrumb":{"@id":"https:\/\/www.cybermedian.com\/pt\/critical-thinking-what-is-y-chart\/#breadcrumb"},"inLanguage":"pt-PT","potentialAction":[{"@type":"ReadAction","target":["https:\/\/www.cybermedian.com\/pt\/critical-thinking-what-is-y-chart\/"]}]},{"@type":"ImageObject","inLanguage":"pt-PT","@id":"https:\/\/www.cybermedian.com\/pt\/critical-thinking-what-is-y-chart\/#primaryimage","url":"https:\/\/cdn-images.visual-paradigm.com\/features\/v16\/2\/y-chart-tool\/y-chart-tool.png","contentUrl":"https:\/\/cdn-images.visual-paradigm.com\/features\/v16\/2\/y-chart-tool\/y-chart-tool.png","width":"1170","height":"658","caption":"Pensamento Cr\u00edtico: O que \u00e9 o Y-Chart?"},{"@type":"BreadcrumbList","@id":"https:\/\/www.cybermedian.com\/pt\/critical-thinking-what-is-y-chart\/#breadcrumb","itemListElement":[{"@type":"ListItem","position":1,"name":"Home","item":"https:\/\/www.cybermedian.com\/pt\/"},{"@type":"ListItem","position":2,"name":"Pensamento Cr\u00edtico: O que \u00e9 o Y-Chart?"}]},{"@type":"WebSite","@id":"https:\/\/www.cybermedian.com\/pt\/#website","url":"https:\/\/www.cybermedian.com\/pt\/","name":"Cibermediano","description":"Aprendendo uma coisa nova todos os dias","potentialAction":[{"@type":"SearchAction","target":{"@type":"EntryPoint","urlTemplate":"https:\/\/www.cybermedian.com\/pt\/?s={search_term_string}"},"query-input":{"@type":"PropertyValueSpecification","valueRequired":true,"valueName":"search_term_string"}}],"inLanguage":"pt-PT"},{"@type":"Person","@id":"https:\/\/www.cybermedian.com\/pt\/#\/schema\/person\/0122cdf8fc3b73482dd8a30c8500f75a","name":"vpadmin","image":{"@type":"ImageObject","inLanguage":"pt-PT","@id":"https:\/\/www.cybermedian.com\/pt\/#\/schema\/person\/image\/","url":"https:\/\/secure.gravatar.com\/avatar\/3914788226b9b0af628488720662164f4641c6125d0bd38d90ae34f01c8c4ea3?s=96&d=mm&r=g","contentUrl":"https:\/\/secure.gravatar.com\/avatar\/3914788226b9b0af628488720662164f4641c6125d0bd38d90ae34f01c8c4ea3?s=96&d=mm&r=g","caption":"vpadmin"},"sameAs":["https:\/\/x.com\/vpadmin"],"url":"https:\/\/www.cybermedian.com\/pt\/author\/vpadmin\/"}]}},"_links":{"self":[{"href":"https:\/\/www.cybermedian.com\/pt\/wp-json\/wp\/v2\/posts\/603","targetHints":{"allow":["GET"]}}],"collection":[{"href":"https:\/\/www.cybermedian.com\/pt\/wp-json\/wp\/v2\/posts"}],"about":[{"href":"https:\/\/www.cybermedian.com\/pt\/wp-json\/wp\/v2\/types\/post"}],"author":[{"embeddable":true,"href":"https:\/\/www.cybermedian.com\/pt\/wp-json\/wp\/v2\/users\/1"}],"replies":[{"embeddable":true,"href":"https:\/\/www.cybermedian.com\/pt\/wp-json\/wp\/v2\/comments?post=603"}],"version-history":[{"count":7,"href":"https:\/\/www.cybermedian.com\/pt\/wp-json\/wp\/v2\/posts\/603\/revisions"}],"predecessor-version":[{"id":10060,"href":"https:\/\/www.cybermedian.com\/pt\/wp-json\/wp\/v2\/posts\/603\/revisions\/10060"}],"wp:featuredmedia":[{"embeddable":true,"href":"https:\/\/www.cybermedian.com\/pt\/wp-json\/wp\/v2\/media\/1013"}],"wp:attachment":[{"href":"https:\/\/www.cybermedian.com\/pt\/wp-json\/wp\/v2\/media?parent=603"}],"wp:term":[{"taxonomy":"category","embeddable":true,"href":"https:\/\/www.cybermedian.com\/pt\/wp-json\/wp\/v2\/categories?post=603"},{"taxonomy":"post_tag","embeddable":true,"href":"https:\/\/www.cybermedian.com\/pt\/wp-json\/wp\/v2\/tags?post=603"}],"curies":[{"name":"wp","href":"https:\/\/api.w.org\/{rel}","templated":true}]}}