{"id":459,"date":"2022-01-26T01:06:44","date_gmt":"2022-01-26T01:06:44","guid":{"rendered":"https:\/\/www.cybermedian.com\/pt\/?p=459"},"modified":"2022-03-31T10:14:28","modified_gmt":"2022-03-31T02:14:28","slug":"integrate-pert-chart-with-raci-roles-to-task-manager","status":"publish","type":"post","link":"https:\/\/www.cybermedian.com\/pt\/integrate-pert-chart-with-raci-roles-to-task-manager\/","title":{"rendered":"Integrar a tabela PERT com as fun\u00e7\u00f5es de RACI para Gerente de Tarefas"},"content":{"rendered":"<p id=\"7e5f\" class=\"graf graf--p graf-after--h3\">Hoje eu gostaria de usar o\u00a0\u00a0<a class=\"markup--anchor markup--p-anchor\" href=\"http:\/\/www.visual-paradigm.com\/\" target=\"_blank\" rel=\"noopener\" data-href=\"http:\/\/www.visual-paradigm.com\">Visual Paradigm<\/a>\u00a0\u00a0para demonstrar como realizar o planejamento de tarefas para os membros da equipe que assumir\u00e3o as fun\u00e7\u00f5es RACI e essas tarefas no\u00a0\u00a0<a class=\"markup--anchor markup--p-anchor\" href=\"https:\/\/www.visual-paradigm.com\/features\/enhanced-pert-chart\/\" target=\"_blank\" rel=\"noopener\" data-href=\"https:\/\/www.visual-paradigm.com\/features\/enhanced-pert-chart\/\">gr\u00e1fico PERT aprimorado<\/a>\u00a0\u00a0podem ser atribu\u00eddas automaticamente ao gerenciador de tarefas automatizado chamado \u201cTasifier\u201d para gerenciamento de projetos.<\/p>\n<h4 id=\"6bea\" class=\"graf graf--h4 graf-after--p\"><span id=\"Step_1_Planning_for_the_Schedule\">Etapa 1 \u2014 Planejamento para o cronograma<\/span><\/h4>\n<p id=\"6760\" class=\"graf graf--p graf-after--h4\">Um gr\u00e1fico PERT tradicional \u00e9 uma ferramenta de gerenciamento de projetos usada para agendar, organizar e coordenar tarefas dentro de um projeto.\u00a0A ferramenta aprimorada PERT Chart adiciona quatro recursos adicionais para integra\u00e7\u00e3o com diferentes blocos de constru\u00e7\u00e3o do Visual Paradigm.\u00a0Voc\u00ea pode fazer tudo isso em um modelador de gr\u00e1fico PERT aprimorado.<\/p>\n<ol class=\"postList\">\n<li id=\"dace\" class=\"graf graf--li graf-after--p\">Sele\u00e7\u00e3o da pessoa respons\u00e1vel (associar a tarefa a quem \u00e9 respons\u00e1vel)<\/li>\n<li id=\"35b0\" class=\"graf graf--li graf-after--li\">RACI baseado em tarefas (Respons\u00e1vel &#8211; Respons\u00e1vel &#8211; Consultar &#8211; Informar)<\/li>\n<li id=\"e8db\" class=\"graf graf--li graf-after--li\">Tarefa para Gerenciador de Tarefas (Tasifier de Paradigma Visual)<\/li>\n<li id=\"9237\" class=\"graf graf--li graf-after--li\">RACI automatizado no Gerenciador de Tarefas<\/li>\n<\/ol>\n<figure id=\"1e81\" class=\"graf graf--figure graf-after--li\"><img decoding=\"async\" class=\"graf-image\" src=\"https:\/\/www.cybermedian.com\/pt\/wp-content\/uploads\/sites\/11\/2022\/02\/0iRJGIBusce3u2xPg.png\" data-image-id=\"0*iRJGIBusce3u2xPg.png\" data-width=\"1170\" data-height=\"658\" data-is-featured=\"true\" \/><figcaption class=\"imageCaption\">Gr\u00e1fico PERT para Planejamento de Projetos \u2014 Paradigma Visual<\/figcaption><\/figure>\n<h4 id=\"c821\" class=\"graf graf--h4 graf-after--figure\"><span id=\"Step_2_Assign_RACI_Role_to_Team_Members\">Etapa 2 \u2014 Atribuir a fun\u00e7\u00e3o RACI aos membros da equipe<\/span><\/h4>\n<p id=\"9436\" class=\"graf graf--p graf-after--h4\">Se voc\u00ea estiver usando nossa solu\u00e7\u00e3o de equipe, como VP Online ou Teamwork Server, voc\u00ea pode selecionar os membros da equipe para serem os respons\u00e1veis \u200b\u200bpelas tarefas em um gr\u00e1fico PERT.\u00a0Isso torna o planejamento de tarefas muito mais f\u00e1cil e eficaz.<\/p>\n<figure id=\"38ee\" class=\"graf graf--figure graf-after--p\"><img decoding=\"async\" class=\"graf-image\" src=\"https:\/\/www.cybermedian.com\/pt\/wp-content\/uploads\/sites\/11\/2022\/02\/0yHZnPo7cXVgl12em.png\" data-image-id=\"0*yHZnPo7cXVgl12em.png\" data-width=\"1170\" data-height=\"601\" \/><figcaption class=\"imageCaption\">Membros Associados a Fun\u00e7\u00f5es RACI no Gr\u00e1fico PERT \u2014 Paradigma Visual<\/figcaption><\/figure>\n<h3 id=\"c1d7\" class=\"graf graf--h3 graf-after--figure\"><span id=\"RACI_per_task\">RACI por tarefa<\/span><\/h3>\n<p id=\"eecd\" class=\"graf graf--p graf-after--h3\">Al\u00e9m de quem \u00e9 respons\u00e1vel por qual(is) tarefa(s), voc\u00ea pode descrever ainda mais as fun\u00e7\u00f5es detalhadas (Respons\u00e1vel \u2014 Respons\u00e1vel \u2014 Consultado \u2014 Informado) de uma tarefa espec\u00edfica.\u00a0Se voc\u00ea sincronizar o Gr\u00e1fico PERT com o gerenciador de tarefas, ver\u00e1 as tarefas exibidas na lista do membro que \u00e9 \u201cRespons\u00e1vel\u201d por ela.\u00a0E, quando o membro tiver conclu\u00eddo as tarefas, essa tarefa espec\u00edfica ser\u00e1 mostrada, por sua vez, de acordo com o esquema de fluxo RACI dos membros correspondentes.<\/p>\n<figure id=\"3956\" class=\"graf graf--figure graf-after--p\"><img decoding=\"async\" class=\"graf-image\" src=\"https:\/\/www.cybermedian.com\/pt\/wp-content\/uploads\/sites\/11\/2022\/02\/0tfAbQhNlaTvxGUYL.png\" data-image-id=\"0*tfAbQhNlaTvxGUYL.png\" data-width=\"1170\" data-height=\"658\" \/><figcaption class=\"imageCaption\">Gr\u00e1fico PERT e Fun\u00e7\u00f5es RACI<\/figcaption><\/figure>\n<h3 id=\"fd81\" class=\"graf graf--h3 graf-after--figure\"><span id=\"Generate_tasks_from_PERT_chart_to_Task_Manager\">Gere tarefas do gr\u00e1fico PERT para o Gerenciador de Tarefas<\/span><\/h3>\n<p id=\"f38d\" class=\"graf graf--p graf-after--h3\">Depois de terminar de criar a linha de base do agendamento com o Gr\u00e1fico PERT Aprimorado, voc\u00ea pode sincronizar as tarefas do PERT com o\u00a0\u00a0<a class=\"markup--anchor markup--p-anchor\" href=\"https:\/\/www.visual-paradigm.com\/support\/documents\/teamcollaborationguide\/2720\/2765\/84288_usingtasifie.html\" target=\"_blank\" rel=\"noopener\" data-href=\"https:\/\/www.visual-paradigm.com\/support\/documents\/teamcollaborationguide\/2720\/2765\/84288_usingtasifie.html\">gerenciador de tarefas<\/a>\u00a0.\u00a0As tarefas ser\u00e3o geradas automaticamente e atribu\u00eddas aos membros correspondentes.\u00a0Voc\u00ea pode visualiz\u00e1-los na Visualiza\u00e7\u00e3o do Projeto ou na Visualiza\u00e7\u00e3o do Membro.<\/p>\n<figure id=\"3334\" class=\"graf graf--figure graf-after--p\"><img decoding=\"async\" class=\"graf-image\" src=\"https:\/\/www.cybermedian.com\/pt\/wp-content\/uploads\/sites\/11\/2022\/02\/0aX9ZHBSg6xWX8TQD.png\" data-image-id=\"0*aX9ZHBSg6xWX8TQD.png\" data-width=\"1170\" data-height=\"658\" \/><figcaption class=\"imageCaption\">Gr\u00e1fico PERT e gerenciamento automatizado de tarefas<\/figcaption><\/figure>\n<h3 id=\"b8f6\" class=\"graf graf--h3 graf-after--figure\"><span id=\"Execute_PERT_chart_in_action\">Executar gr\u00e1fico PERT em a\u00e7\u00e3o<\/span><\/h3>\n<p id=\"c9c6\" class=\"graf graf--p graf-after--h3\">Conforme mencionado, ao sincronizar as tarefas em um Gr\u00e1fico PERT com o Gerenciador de Tarefas, voc\u00ea ver\u00e1 apenas as tarefas adicionadas aos membros que s\u00e3o respons\u00e1veis \u200b\u200bpor elas inicialmente.\u00a0Mas quando a tarefa for marcada como conclu\u00edda por um membro, a tarefa fluir\u00e1 para o outro membro que \u00e9 Respons\u00e1vel\/Consulta\/Informa\u00e7\u00f5es de acordo com o esquema de fluxo de tarefas.<\/p>\n<figure id=\"7cbe\" class=\"graf graf--figure graf-after--p graf--trailing\"><img decoding=\"async\" class=\"graf-image\" src=\"https:\/\/www.cybermedian.com\/pt\/wp-content\/uploads\/sites\/11\/2022\/02\/0LSRwSPh1L51KUmvn.png\" data-image-id=\"0*LSRwSPh1L51KUmvn.png\" data-width=\"860\" data-height=\"754\" \/><\/figure>\n","protected":false},"excerpt":{"rendered":"<p>Hoje eu gostaria de usar o Visual Paradigm para demonstrar como realizar o planejamento de tarefas para os membros da equipe que assumir\u00e3o as fun\u00e7\u00f5es do RACI e estas tarefas no Gr\u00e1fico PERT Avan\u00e7ado podem ser automaticamente atribu\u00eddas ao gerente de tarefas automatizado chamado &#8220;Tasifier&#8221; para o gerenciamento de projetos. Um gr\u00e1fico PERT tradicional \u00e9 uma ferramenta de gerenciamento de projeto usada para programar, organizar e coordenar tarefas dentro de um projeto. A ferramenta de gr\u00e1fico PERT aprimorado adiciona quatro recursos adicionais para integra\u00e7\u00e3o com diferentes blocos de constru\u00e7\u00e3o do Visual Paradigm. Voc\u00ea pode fazer tudo isso dentro de um modelador de gr\u00e1ficos PERT aperfei\u00e7oado.<\/p>\n","protected":false},"author":1,"featured_media":2042,"comment_status":"open","ping_status":"open","sticky":false,"template":"","format":"standard","meta":{"_yoast_wpseo_title":"","_yoast_wpseo_metadesc":"","footnotes":""},"categories":[2,15],"tags":[52,63,62,53],"class_list":["post-459","post","type-post","status-publish","format-standard","has-post-thumbnail","hentry","category-agile-project-management","category-strategic-planning","tag-cn-done","tag-es-done","tag-ja-done","tag-tw-done"],"yoast_head":"<!-- This site is optimized with the Yoast SEO plugin v26.7 - https:\/\/yoast.com\/wordpress\/plugins\/seo\/ -->\n<title>Integrar a tabela PERT com as fun\u00e7\u00f5es de RACI para Gerente de Tarefas - Cibermediano<\/title>\n<meta name=\"robots\" content=\"index, follow, max-snippet:-1, max-image-preview:large, max-video-preview:-1\" \/>\n<link rel=\"canonical\" href=\"https:\/\/www.cybermedian.com\/pt\/integrate-pert-chart-with-raci-roles-to-task-manager\/\" \/>\n<meta property=\"og:locale\" content=\"pt_PT\" \/>\n<meta property=\"og:type\" content=\"article\" \/>\n<meta property=\"og:title\" content=\"Integrar a tabela PERT com as fun\u00e7\u00f5es de RACI para Gerente de Tarefas - Cibermediano\" \/>\n<meta property=\"og:description\" content=\"Hoje eu gostaria de usar o Visual Paradigm para demonstrar como realizar o planejamento de tarefas para os membros da equipe que assumir\u00e3o as fun\u00e7\u00f5es do RACI e estas tarefas no Gr\u00e1fico PERT Avan\u00e7ado podem ser automaticamente atribu\u00eddas ao gerente de tarefas automatizado chamado &quot;Tasifier&quot; para o gerenciamento de projetos. Um gr\u00e1fico PERT tradicional \u00e9 uma ferramenta de gerenciamento de projeto usada para programar, organizar e coordenar tarefas dentro de um projeto. A ferramenta de gr\u00e1fico PERT aprimorado adiciona quatro recursos adicionais para integra\u00e7\u00e3o com diferentes blocos de constru\u00e7\u00e3o do Visual Paradigm. Voc\u00ea pode fazer tudo isso dentro de um modelador de gr\u00e1ficos PERT aperfei\u00e7oado.\" \/>\n<meta property=\"og:url\" content=\"https:\/\/www.cybermedian.com\/pt\/integrate-pert-chart-with-raci-roles-to-task-manager\/\" \/>\n<meta property=\"og:site_name\" content=\"Cibermediano\" \/>\n<meta property=\"article:published_time\" content=\"2022-01-26T01:06:44+00:00\" \/>\n<meta property=\"article:modified_time\" content=\"2022-03-31T02:14:28+00:00\" \/>\n<meta property=\"og:image\" content=\"https:\/\/cdn-images.visual-paradigm.com\/features\/v14.1\/enhanced-pert-chart\/enhanced-pert-chart.png\" \/>\n<meta name=\"author\" content=\"vpadmin\" \/>\n<meta name=\"twitter:card\" content=\"summary_large_image\" \/>\n<meta name=\"twitter:image\" content=\"https:\/\/cdn-images.visual-paradigm.com\/features\/v14.1\/enhanced-pert-chart\/enhanced-pert-chart.png\" \/>\n<meta name=\"twitter:creator\" content=\"@vpadmin\" \/>\n<meta name=\"twitter:label1\" content=\"Escrito por\" \/>\n\t<meta name=\"twitter:data1\" content=\"vpadmin\" \/>\n\t<meta name=\"twitter:label2\" content=\"Tempo estimado de leitura\" \/>\n\t<meta name=\"twitter:data2\" content=\"2 minutos\" \/>\n<script type=\"application\/ld+json\" class=\"yoast-schema-graph\">{\"@context\":\"https:\/\/schema.org\",\"@graph\":[{\"@type\":\"Article\",\"@id\":\"https:\/\/www.cybermedian.com\/pt\/integrate-pert-chart-with-raci-roles-to-task-manager\/#article\",\"isPartOf\":{\"@id\":\"https:\/\/www.cybermedian.com\/pt\/integrate-pert-chart-with-raci-roles-to-task-manager\/\"},\"author\":{\"name\":\"vpadmin\",\"@id\":\"https:\/\/www.cybermedian.com\/pt\/#\/schema\/person\/0122cdf8fc3b73482dd8a30c8500f75a\"},\"headline\":\"Integrar a tabela PERT com as fun\u00e7\u00f5es de RACI para Gerente de Tarefas\",\"datePublished\":\"2022-01-26T01:06:44+00:00\",\"dateModified\":\"2022-03-31T02:14:28+00:00\",\"mainEntityOfPage\":{\"@id\":\"https:\/\/www.cybermedian.com\/pt\/integrate-pert-chart-with-raci-roles-to-task-manager\/\"},\"wordCount\":488,\"commentCount\":0,\"image\":{\"@id\":\"https:\/\/www.cybermedian.com\/pt\/integrate-pert-chart-with-raci-roles-to-task-manager\/#primaryimage\"},\"thumbnailUrl\":\"https:\/\/cdn-images.visual-paradigm.com\/features\/v14.1\/enhanced-pert-chart\/enhanced-pert-chart.png\",\"keywords\":[\"cn-done\",\"es-done\",\"ja-done\",\"tw-done\"],\"articleSection\":[\"Agile Project Management\",\"Strategic Planning\"],\"inLanguage\":\"pt-PT\",\"potentialAction\":[{\"@type\":\"CommentAction\",\"name\":\"Comment\",\"target\":[\"https:\/\/www.cybermedian.com\/pt\/integrate-pert-chart-with-raci-roles-to-task-manager\/#respond\"]}]},{\"@type\":\"WebPage\",\"@id\":\"https:\/\/www.cybermedian.com\/pt\/integrate-pert-chart-with-raci-roles-to-task-manager\/\",\"url\":\"https:\/\/www.cybermedian.com\/pt\/integrate-pert-chart-with-raci-roles-to-task-manager\/\",\"name\":\"Integrar a tabela PERT com as fun\u00e7\u00f5es de RACI para Gerente de Tarefas - Cibermediano\",\"isPartOf\":{\"@id\":\"https:\/\/www.cybermedian.com\/pt\/#website\"},\"primaryImageOfPage\":{\"@id\":\"https:\/\/www.cybermedian.com\/pt\/integrate-pert-chart-with-raci-roles-to-task-manager\/#primaryimage\"},\"image\":{\"@id\":\"https:\/\/www.cybermedian.com\/pt\/integrate-pert-chart-with-raci-roles-to-task-manager\/#primaryimage\"},\"thumbnailUrl\":\"https:\/\/cdn-images.visual-paradigm.com\/features\/v14.1\/enhanced-pert-chart\/enhanced-pert-chart.png\",\"datePublished\":\"2022-01-26T01:06:44+00:00\",\"dateModified\":\"2022-03-31T02:14:28+00:00\",\"author\":{\"@id\":\"https:\/\/www.cybermedian.com\/pt\/#\/schema\/person\/0122cdf8fc3b73482dd8a30c8500f75a\"},\"breadcrumb\":{\"@id\":\"https:\/\/www.cybermedian.com\/pt\/integrate-pert-chart-with-raci-roles-to-task-manager\/#breadcrumb\"},\"inLanguage\":\"pt-PT\",\"potentialAction\":[{\"@type\":\"ReadAction\",\"target\":[\"https:\/\/www.cybermedian.com\/pt\/integrate-pert-chart-with-raci-roles-to-task-manager\/\"]}]},{\"@type\":\"ImageObject\",\"inLanguage\":\"pt-PT\",\"@id\":\"https:\/\/www.cybermedian.com\/pt\/integrate-pert-chart-with-raci-roles-to-task-manager\/#primaryimage\",\"url\":\"https:\/\/cdn-images.visual-paradigm.com\/features\/v14.1\/enhanced-pert-chart\/enhanced-pert-chart.png\",\"contentUrl\":\"https:\/\/cdn-images.visual-paradigm.com\/features\/v14.1\/enhanced-pert-chart\/enhanced-pert-chart.png\",\"width\":\"1170\",\"height\":\"658\",\"caption\":\"Integrar a tabela PERT com as fun\u00e7\u00f5es de RACI para Gerente de Tarefas\"},{\"@type\":\"BreadcrumbList\",\"@id\":\"https:\/\/www.cybermedian.com\/pt\/integrate-pert-chart-with-raci-roles-to-task-manager\/#breadcrumb\",\"itemListElement\":[{\"@type\":\"ListItem\",\"position\":1,\"name\":\"Home\",\"item\":\"https:\/\/www.cybermedian.com\/pt\/\"},{\"@type\":\"ListItem\",\"position\":2,\"name\":\"Integrar a tabela PERT com as fun\u00e7\u00f5es de RACI para Gerente de Tarefas\"}]},{\"@type\":\"WebSite\",\"@id\":\"https:\/\/www.cybermedian.com\/pt\/#website\",\"url\":\"https:\/\/www.cybermedian.com\/pt\/\",\"name\":\"Cibermediano\",\"description\":\"Aprendendo uma coisa nova todos os dias\",\"potentialAction\":[{\"@type\":\"SearchAction\",\"target\":{\"@type\":\"EntryPoint\",\"urlTemplate\":\"https:\/\/www.cybermedian.com\/pt\/?s={search_term_string}\"},\"query-input\":{\"@type\":\"PropertyValueSpecification\",\"valueRequired\":true,\"valueName\":\"search_term_string\"}}],\"inLanguage\":\"pt-PT\"},{\"@type\":\"Person\",\"@id\":\"https:\/\/www.cybermedian.com\/pt\/#\/schema\/person\/0122cdf8fc3b73482dd8a30c8500f75a\",\"name\":\"vpadmin\",\"image\":{\"@type\":\"ImageObject\",\"inLanguage\":\"pt-PT\",\"@id\":\"https:\/\/www.cybermedian.com\/pt\/#\/schema\/person\/image\/\",\"url\":\"https:\/\/secure.gravatar.com\/avatar\/3914788226b9b0af628488720662164f4641c6125d0bd38d90ae34f01c8c4ea3?s=96&d=mm&r=g\",\"contentUrl\":\"https:\/\/secure.gravatar.com\/avatar\/3914788226b9b0af628488720662164f4641c6125d0bd38d90ae34f01c8c4ea3?s=96&d=mm&r=g\",\"caption\":\"vpadmin\"},\"sameAs\":[\"https:\/\/x.com\/vpadmin\"],\"url\":\"https:\/\/www.cybermedian.com\/pt\/author\/vpadmin\/\"}]}<\/script>\n<!-- \/ Yoast SEO plugin. -->","yoast_head_json":{"title":"Integrar a tabela PERT com as fun\u00e7\u00f5es de RACI para Gerente de Tarefas - Cibermediano","robots":{"index":"index","follow":"follow","max-snippet":"max-snippet:-1","max-image-preview":"max-image-preview:large","max-video-preview":"max-video-preview:-1"},"canonical":"https:\/\/www.cybermedian.com\/pt\/integrate-pert-chart-with-raci-roles-to-task-manager\/","og_locale":"pt_PT","og_type":"article","og_title":"Integrar a tabela PERT com as fun\u00e7\u00f5es de RACI para Gerente de Tarefas - Cibermediano","og_description":"Hoje eu gostaria de usar o Visual Paradigm para demonstrar como realizar o planejamento de tarefas para os membros da equipe que assumir\u00e3o as fun\u00e7\u00f5es do RACI e estas tarefas no Gr\u00e1fico PERT Avan\u00e7ado podem ser automaticamente atribu\u00eddas ao gerente de tarefas automatizado chamado \"Tasifier\" para o gerenciamento de projetos. Um gr\u00e1fico PERT tradicional \u00e9 uma ferramenta de gerenciamento de projeto usada para programar, organizar e coordenar tarefas dentro de um projeto. A ferramenta de gr\u00e1fico PERT aprimorado adiciona quatro recursos adicionais para integra\u00e7\u00e3o com diferentes blocos de constru\u00e7\u00e3o do Visual Paradigm. Voc\u00ea pode fazer tudo isso dentro de um modelador de gr\u00e1ficos PERT aperfei\u00e7oado.","og_url":"https:\/\/www.cybermedian.com\/pt\/integrate-pert-chart-with-raci-roles-to-task-manager\/","og_site_name":"Cibermediano","article_published_time":"2022-01-26T01:06:44+00:00","article_modified_time":"2022-03-31T02:14:28+00:00","og_image":[{"url":"https:\/\/cdn-images.visual-paradigm.com\/features\/v14.1\/enhanced-pert-chart\/enhanced-pert-chart.png","type":"","width":"","height":""}],"author":"vpadmin","twitter_card":"summary_large_image","twitter_image":"https:\/\/cdn-images.visual-paradigm.com\/features\/v14.1\/enhanced-pert-chart\/enhanced-pert-chart.png","twitter_creator":"@vpadmin","twitter_misc":{"Escrito por":"vpadmin","Tempo estimado de leitura":"2 minutos"},"schema":{"@context":"https:\/\/schema.org","@graph":[{"@type":"Article","@id":"https:\/\/www.cybermedian.com\/pt\/integrate-pert-chart-with-raci-roles-to-task-manager\/#article","isPartOf":{"@id":"https:\/\/www.cybermedian.com\/pt\/integrate-pert-chart-with-raci-roles-to-task-manager\/"},"author":{"name":"vpadmin","@id":"https:\/\/www.cybermedian.com\/pt\/#\/schema\/person\/0122cdf8fc3b73482dd8a30c8500f75a"},"headline":"Integrar a tabela PERT com as fun\u00e7\u00f5es de RACI para Gerente de Tarefas","datePublished":"2022-01-26T01:06:44+00:00","dateModified":"2022-03-31T02:14:28+00:00","mainEntityOfPage":{"@id":"https:\/\/www.cybermedian.com\/pt\/integrate-pert-chart-with-raci-roles-to-task-manager\/"},"wordCount":488,"commentCount":0,"image":{"@id":"https:\/\/www.cybermedian.com\/pt\/integrate-pert-chart-with-raci-roles-to-task-manager\/#primaryimage"},"thumbnailUrl":"https:\/\/cdn-images.visual-paradigm.com\/features\/v14.1\/enhanced-pert-chart\/enhanced-pert-chart.png","keywords":["cn-done","es-done","ja-done","tw-done"],"articleSection":["Agile Project Management","Strategic Planning"],"inLanguage":"pt-PT","potentialAction":[{"@type":"CommentAction","name":"Comment","target":["https:\/\/www.cybermedian.com\/pt\/integrate-pert-chart-with-raci-roles-to-task-manager\/#respond"]}]},{"@type":"WebPage","@id":"https:\/\/www.cybermedian.com\/pt\/integrate-pert-chart-with-raci-roles-to-task-manager\/","url":"https:\/\/www.cybermedian.com\/pt\/integrate-pert-chart-with-raci-roles-to-task-manager\/","name":"Integrar a tabela PERT com as fun\u00e7\u00f5es de RACI para Gerente de Tarefas - Cibermediano","isPartOf":{"@id":"https:\/\/www.cybermedian.com\/pt\/#website"},"primaryImageOfPage":{"@id":"https:\/\/www.cybermedian.com\/pt\/integrate-pert-chart-with-raci-roles-to-task-manager\/#primaryimage"},"image":{"@id":"https:\/\/www.cybermedian.com\/pt\/integrate-pert-chart-with-raci-roles-to-task-manager\/#primaryimage"},"thumbnailUrl":"https:\/\/cdn-images.visual-paradigm.com\/features\/v14.1\/enhanced-pert-chart\/enhanced-pert-chart.png","datePublished":"2022-01-26T01:06:44+00:00","dateModified":"2022-03-31T02:14:28+00:00","author":{"@id":"https:\/\/www.cybermedian.com\/pt\/#\/schema\/person\/0122cdf8fc3b73482dd8a30c8500f75a"},"breadcrumb":{"@id":"https:\/\/www.cybermedian.com\/pt\/integrate-pert-chart-with-raci-roles-to-task-manager\/#breadcrumb"},"inLanguage":"pt-PT","potentialAction":[{"@type":"ReadAction","target":["https:\/\/www.cybermedian.com\/pt\/integrate-pert-chart-with-raci-roles-to-task-manager\/"]}]},{"@type":"ImageObject","inLanguage":"pt-PT","@id":"https:\/\/www.cybermedian.com\/pt\/integrate-pert-chart-with-raci-roles-to-task-manager\/#primaryimage","url":"https:\/\/cdn-images.visual-paradigm.com\/features\/v14.1\/enhanced-pert-chart\/enhanced-pert-chart.png","contentUrl":"https:\/\/cdn-images.visual-paradigm.com\/features\/v14.1\/enhanced-pert-chart\/enhanced-pert-chart.png","width":"1170","height":"658","caption":"Integrar a tabela PERT com as fun\u00e7\u00f5es de RACI para Gerente de Tarefas"},{"@type":"BreadcrumbList","@id":"https:\/\/www.cybermedian.com\/pt\/integrate-pert-chart-with-raci-roles-to-task-manager\/#breadcrumb","itemListElement":[{"@type":"ListItem","position":1,"name":"Home","item":"https:\/\/www.cybermedian.com\/pt\/"},{"@type":"ListItem","position":2,"name":"Integrar a tabela PERT com as fun\u00e7\u00f5es de RACI para Gerente de Tarefas"}]},{"@type":"WebSite","@id":"https:\/\/www.cybermedian.com\/pt\/#website","url":"https:\/\/www.cybermedian.com\/pt\/","name":"Cibermediano","description":"Aprendendo uma coisa nova todos os dias","potentialAction":[{"@type":"SearchAction","target":{"@type":"EntryPoint","urlTemplate":"https:\/\/www.cybermedian.com\/pt\/?s={search_term_string}"},"query-input":{"@type":"PropertyValueSpecification","valueRequired":true,"valueName":"search_term_string"}}],"inLanguage":"pt-PT"},{"@type":"Person","@id":"https:\/\/www.cybermedian.com\/pt\/#\/schema\/person\/0122cdf8fc3b73482dd8a30c8500f75a","name":"vpadmin","image":{"@type":"ImageObject","inLanguage":"pt-PT","@id":"https:\/\/www.cybermedian.com\/pt\/#\/schema\/person\/image\/","url":"https:\/\/secure.gravatar.com\/avatar\/3914788226b9b0af628488720662164f4641c6125d0bd38d90ae34f01c8c4ea3?s=96&d=mm&r=g","contentUrl":"https:\/\/secure.gravatar.com\/avatar\/3914788226b9b0af628488720662164f4641c6125d0bd38d90ae34f01c8c4ea3?s=96&d=mm&r=g","caption":"vpadmin"},"sameAs":["https:\/\/x.com\/vpadmin"],"url":"https:\/\/www.cybermedian.com\/pt\/author\/vpadmin\/"}]}},"_links":{"self":[{"href":"https:\/\/www.cybermedian.com\/pt\/wp-json\/wp\/v2\/posts\/459","targetHints":{"allow":["GET"]}}],"collection":[{"href":"https:\/\/www.cybermedian.com\/pt\/wp-json\/wp\/v2\/posts"}],"about":[{"href":"https:\/\/www.cybermedian.com\/pt\/wp-json\/wp\/v2\/types\/post"}],"author":[{"embeddable":true,"href":"https:\/\/www.cybermedian.com\/pt\/wp-json\/wp\/v2\/users\/1"}],"replies":[{"embeddable":true,"href":"https:\/\/www.cybermedian.com\/pt\/wp-json\/wp\/v2\/comments?post=459"}],"version-history":[{"count":5,"href":"https:\/\/www.cybermedian.com\/pt\/wp-json\/wp\/v2\/posts\/459\/revisions"}],"predecessor-version":[{"id":9844,"href":"https:\/\/www.cybermedian.com\/pt\/wp-json\/wp\/v2\/posts\/459\/revisions\/9844"}],"wp:featuredmedia":[{"embeddable":true,"href":"https:\/\/www.cybermedian.com\/pt\/wp-json\/wp\/v2\/media\/2042"}],"wp:attachment":[{"href":"https:\/\/www.cybermedian.com\/pt\/wp-json\/wp\/v2\/media?parent=459"}],"wp:term":[{"taxonomy":"category","embeddable":true,"href":"https:\/\/www.cybermedian.com\/pt\/wp-json\/wp\/v2\/categories?post=459"},{"taxonomy":"post_tag","embeddable":true,"href":"https:\/\/www.cybermedian.com\/pt\/wp-json\/wp\/v2\/tags?post=459"}],"curies":[{"name":"wp","href":"https:\/\/api.w.org\/{rel}","templated":true}]}}