{"id":9948,"date":"2022-01-26T01:06:44","date_gmt":"2022-01-26T01:06:44","guid":{"rendered":"https:\/\/www.cybermedian.com\/fr\/?p=9948"},"modified":"2026-04-20T09:13:29","modified_gmt":"2026-04-20T09:13:29","slug":"integrer-le-graphique-pert-avec-les-roles-raci-au-gestionnaire-de-taches","status":"publish","type":"post","link":"https:\/\/www.cybermedian.com\/fr\/integrate-pert-chart-with-raci-roles-to-task-manager\/","title":{"rendered":"Int\u00e9grer le graphique PERT avec les r\u00f4les RACI au gestionnaire de t\u00e2ches"},"content":{"rendered":"<p id=\"7e5f\" class=\"graf graf--p graf-after--h3\">Aujourd&#8217;hui, je voudrais utiliser\u00a0\u00a0<a class=\"markup--anchor markup--p-anchor\" href=\"http:\/\/www.visual-paradigm.com\/\" target=\"_blank\" rel=\"noopener\" data-href=\"http:\/\/www.visual-paradigm.com\">Visual Paradigm<\/a>\u00a0\u00a0pour montrer comment effectuer la planification des t\u00e2ches pour les membres de l&#8217;\u00e9quipe qui assumeront les r\u00f4les RACI et ces t\u00e2ches dans le\u00a0\u00a0<a class=\"markup--anchor markup--p-anchor\" href=\"https:\/\/www.visual-paradigm.com\/features\/enhanced-pert-chart\/\" target=\"_blank\" rel=\"noopener\" data-href=\"https:\/\/www.visual-paradigm.com\/features\/enhanced-pert-chart\/\">diagramme PERT am\u00e9lior\u00e9<\/a>\u00a0\u00a0peuvent \u00eatre automatiquement attribu\u00e9es au gestionnaire de t\u00e2ches automatis\u00e9 appel\u00e9 &#8220;Tasifier&#8221; pour la gestion de projet.<\/p>\n<h4 id=\"6bea\" class=\"graf graf--h4 graf-after--p\"><span id=\"Step_1_Planning_for_the_Schedule\">\u00c9tape 1 &#8211; Planification de l&#8217;horaire<\/span><\/h4>\n<p id=\"6760\" class=\"graf graf--p graf-after--h4\">Un diagramme PERT traditionnel est un outil de gestion de projet utilis\u00e9 pour planifier, organiser et coordonner les t\u00e2ches au sein d&#8217;un projet.\u00a0L&#8217;outil de graphique PERT am\u00e9lior\u00e9 ajoute quatre fonctionnalit\u00e9s suppl\u00e9mentaires pour l&#8217;int\u00e9gration avec diff\u00e9rents blocs de construction Visual Paradigm.\u00a0Vous pouvez faire tout cela dans un modeleur de diagramme PERT am\u00e9lior\u00e9.<\/p>\n<ol class=\"postList\">\n<li id=\"dace\" class=\"graf graf--li graf-after--p\">S\u00e9lection de la personne responsable (associer la t\u00e2che qui est responsable de)<\/li>\n<li id=\"35b0\" class=\"graf graf--li graf-after--li\">RACI bas\u00e9 sur les t\u00e2ches (Responsible \u2014 Accountable \u2014 Consult \u2014 Inform)<\/li>\n<li id=\"e8db\" class=\"graf graf--li graf-after--li\">Gestionnaire de t\u00e2che \u00e0 t\u00e2che (Visual Paradigm Tasifier)<\/li>\n<li id=\"9237\" class=\"graf graf--li graf-after--li\">RACI automatis\u00e9 dans le gestionnaire de t\u00e2ches<\/li>\n<\/ol>\n<figure id=\"1e81\" class=\"graf graf--figure graf-after--li\"><img decoding=\"async\" class=\"graf-image\" src=\"https:\/\/www.cybermedian.com\/wp-content\/uploads\/2022\/02\/0iRJGIBusce3u2xPg.png\" data-image-id=\"0*iRJGIBusce3u2xPg.png\" data-width=\"1170\" data-height=\"658\" data-is-featured=\"true\" \/><figcaption class=\"imageCaption\">Diagramme PERT pour la planification de projet \u2014 Visual Paradigm<\/figcaption><\/figure>\n<h4 id=\"c821\" class=\"graf graf--h4 graf-after--figure\"><span id=\"Step_2_Assign_RACI_Role_to_Team_Members\">\u00c9tape 2 &#8211; Attribuer le r\u00f4le RACI aux membres de l&#8217;\u00e9quipe<\/span><\/h4>\n<p id=\"9436\" class=\"graf graf--p graf-after--h4\">Si vous utilisez notre solution d&#8217;\u00e9quipe telle que VP Online ou Teamwork Server, vous pouvez s\u00e9lectionner les membres de l&#8217;\u00e9quipe pour \u00eatre la personne responsable des t\u00e2ches dans un diagramme PERT.\u00a0Cela rend la planification des t\u00e2ches beaucoup plus facile et efficace.<\/p>\n<figure id=\"38ee\" class=\"graf graf--figure graf-after--p\"><img decoding=\"async\" class=\"graf-image\" src=\"https:\/\/www.cybermedian.com\/wp-content\/uploads\/2022\/02\/0yHZnPo7cXVgl12em.png\" data-image-id=\"0*yHZnPo7cXVgl12em.png\" data-width=\"1170\" data-height=\"601\" \/><figcaption class=\"imageCaption\">Membres associ\u00e9s aux r\u00f4les RACI dans le graphique PERT \u2014 Visual Paradigm<\/figcaption><\/figure>\n<h3 id=\"c1d7\" class=\"graf graf--h3 graf-after--figure\"><span id=\"RACI_per_task\">RACI par t\u00e2che<\/span><\/h3>\n<p id=\"eecd\" class=\"graf graf--p graf-after--h3\">En plus de qui est responsable de quelle(s) t\u00e2che(s), vous pouvez d\u00e9crire plus en d\u00e9tail les r\u00f4les d\u00e9taill\u00e9s (Responsable \u2014 Comptable \u2014 Consult\u00e9 \u2014 Inform\u00e9) d&#8217;une t\u00e2che particuli\u00e8re.\u00a0Si vous synchronisez le PERT Chart avec le gestionnaire de t\u00e2ches, vous verrez appara\u00eetre les t\u00e2ches dans la liste du membre qui en est \u00ab\u00a0Responsable\u00a0\u00bb.\u00a0Et, lorsque le membre a termin\u00e9 les t\u00e2ches, cette t\u00e2che particuli\u00e8re sera affich\u00e9e, \u00e0 son tour selon le sch\u00e9ma de flux RACI des membres correspondants.<\/p>\n<figure id=\"3956\" class=\"graf graf--figure graf-after--p\"><img decoding=\"async\" class=\"graf-image\" src=\"https:\/\/www.cybermedian.com\/wp-content\/uploads\/2022\/02\/0tfAbQhNlaTvxGUYL.png\" data-image-id=\"0*tfAbQhNlaTvxGUYL.png\" data-width=\"1170\" data-height=\"658\" \/><figcaption class=\"imageCaption\">Diagramme PERT et r\u00f4les RACI<\/figcaption><\/figure>\n<h3 id=\"fd81\" class=\"graf graf--h3 graf-after--figure\"><span id=\"Generate_tasks_from_PERT_chart_to_Task_Manager\">G\u00e9n\u00e9rer des t\u00e2ches \u00e0 partir du diagramme PERT vers le gestionnaire de t\u00e2ches<\/span><\/h3>\n<p id=\"f38d\" class=\"graf graf--p graf-after--h3\">Une fois que vous avez termin\u00e9 de cr\u00e9er la ligne de base du calendrier avec le diagramme PERT am\u00e9lior\u00e9, vous pouvez synchroniser les t\u00e2ches du PERT avec le\u00a0\u00a0<a class=\"markup--anchor markup--p-anchor\" href=\"https:\/\/www.visual-paradigm.com\/support\/documents\/teamcollaborationguide\/2720\/2765\/84288_usingtasifie.html\" target=\"_blank\" rel=\"noopener\" data-href=\"https:\/\/www.visual-paradigm.com\/support\/documents\/teamcollaborationguide\/2720\/2765\/84288_usingtasifie.html\">gestionnaire de t\u00e2ches<\/a>\u00a0.\u00a0Les t\u00e2ches seront automatiquement g\u00e9n\u00e9r\u00e9es et attribu\u00e9es aux membres correspondants.\u00a0Vous pouvez les afficher \u00e0 la fois dans la vue du projet ou dans la vue des membres.<\/p>\n<figure id=\"3334\" class=\"graf graf--figure graf-after--p\"><img decoding=\"async\" class=\"graf-image\" src=\"https:\/\/www.cybermedian.com\/wp-content\/uploads\/2022\/02\/0aX9ZHBSg6xWX8TQD.png\" data-image-id=\"0*aX9ZHBSg6xWX8TQD.png\" data-width=\"1170\" data-height=\"658\" \/><figcaption class=\"imageCaption\">Diagramme PERT et gestion automatis\u00e9e des t\u00e2ches<\/figcaption><\/figure>\n<h3 id=\"b8f6\" class=\"graf graf--h3 graf-after--figure\"><span id=\"Execute_PERT_chart_in_action\">Ex\u00e9cuter le graphique PERT en action<\/span><\/h3>\n<p id=\"c9c6\" class=\"graf graf--p graf-after--h3\">Comme mentionn\u00e9, lorsque vous synchronisez les t\u00e2ches d&#8217;un diagramme PERT avec le gestionnaire de t\u00e2ches, vous ne verrez que les t\u00e2ches ajout\u00e9es aux membres qui en sont responsables au d\u00e9part.\u00a0Mais lorsque la t\u00e2che a \u00e9t\u00e9 marqu\u00e9e comme termin\u00e9e par un membre, la t\u00e2che sera transmise \u00e0 l&#8217;autre membre qui est Responsable\/Consultation\/Information selon le sch\u00e9ma de flux de t\u00e2ches.<\/p>\n<figure id=\"7cbe\" class=\"graf graf--figure graf-after--p graf--trailing\"><img decoding=\"async\" class=\"graf-image\" src=\"https:\/\/www.cybermedian.com\/wp-content\/uploads\/2022\/02\/0LSRwSPh1L51KUmvn.png\" data-image-id=\"0*LSRwSPh1L51KUmvn.png\" data-width=\"860\" data-height=\"754\" \/><\/figure>\n","protected":false},"excerpt":{"rendered":"<p>Aujourd&#8217;hui, je voudrais utiliser Visual Paradigm pour d\u00e9montrer comment effectuer la planification des t\u00e2ches pour les membres de l&#8217;\u00e9quipe qui assumeront les r\u00f4les RACI et ces t\u00e2ches dans le tableau PERT am\u00e9lior\u00e9 peuvent \u00eatre automatiquement assign\u00e9es au gestionnaire de t\u00e2ches automatis\u00e9 appel\u00e9 &#8220;Tasifier&#8221; pour la gestion de projet. Un graphique PERT traditionnel est un outil de gestion de projet utilis\u00e9 pour planifier, organiser et coordonner les t\u00e2ches au sein d&#8217;un projet. L&#8217;outil graphique PERT am\u00e9lior\u00e9 ajoute quatre fonctionnalit\u00e9s suppl\u00e9mentaires pour l&#8217;int\u00e9gration avec diff\u00e9rents blocs de construction Visual Paradigm. Vous pouvez faire tout cela dans un modeleur de diagramme PERT am\u00e9lior\u00e9.<\/p>\n","protected":false},"author":5,"featured_media":9950,"comment_status":"open","ping_status":"open","sticky":false,"template":"","format":"standard","meta":{"_yoast_wpseo_title":"","_yoast_wpseo_metadesc":"","footnotes":""},"categories":[2,15],"tags":[],"class_list":["post-9948","post","type-post","status-publish","format-standard","has-post-thumbnail","hentry","category-agile-project-management","category-strategic-planning"],"yoast_head":"<!-- This site is optimized with the Yoast SEO plugin v26.7 - https:\/\/yoast.com\/wordpress\/plugins\/seo\/ -->\n<title>Int\u00e9grer le graphique PERT avec les r\u00f4les RACI au gestionnaire de t\u00e2ches - Cyberm\u00e9diane<\/title>\n<meta name=\"robots\" content=\"index, follow, max-snippet:-1, max-image-preview:large, max-video-preview:-1\" \/>\n<link rel=\"canonical\" href=\"https:\/\/www.cybermedian.com\/fr\/integrate-pert-chart-with-raci-roles-to-task-manager\/\" \/>\n<meta property=\"og:locale\" content=\"fr_FR\" \/>\n<meta property=\"og:type\" content=\"article\" \/>\n<meta property=\"og:title\" content=\"Int\u00e9grer le graphique PERT avec les r\u00f4les RACI au gestionnaire de t\u00e2ches - Cyberm\u00e9diane\" \/>\n<meta property=\"og:description\" content=\"Aujourd&#039;hui, je voudrais utiliser Visual Paradigm pour d\u00e9montrer comment effectuer la planification des t\u00e2ches pour les membres de l&#039;\u00e9quipe qui assumeront les r\u00f4les RACI et ces t\u00e2ches dans le tableau PERT am\u00e9lior\u00e9 peuvent \u00eatre automatiquement assign\u00e9es au gestionnaire de t\u00e2ches automatis\u00e9 appel\u00e9 &quot;Tasifier&quot; pour la gestion de projet. Un graphique PERT traditionnel est un outil de gestion de projet utilis\u00e9 pour planifier, organiser et coordonner les t\u00e2ches au sein d&#039;un projet. L&#039;outil graphique PERT am\u00e9lior\u00e9 ajoute quatre fonctionnalit\u00e9s suppl\u00e9mentaires pour l&#039;int\u00e9gration avec diff\u00e9rents blocs de construction Visual Paradigm. Vous pouvez faire tout cela dans un modeleur de diagramme PERT am\u00e9lior\u00e9.\" \/>\n<meta property=\"og:url\" content=\"https:\/\/www.cybermedian.com\/fr\/integrate-pert-chart-with-raci-roles-to-task-manager\/\" \/>\n<meta property=\"og:site_name\" content=\"Cyberm\u00e9diane\" \/>\n<meta property=\"article:published_time\" content=\"2022-01-26T01:06:44+00:00\" \/>\n<meta property=\"article:modified_time\" content=\"2026-04-20T09:13:29+00:00\" \/>\n<meta property=\"og:image\" content=\"https:\/\/cdn-images.visual-paradigm.com\/features\/v14.1\/enhanced-pert-chart\/enhanced-pert-chart.png\" \/>\n<meta name=\"author\" content=\"vpwing\" \/>\n<meta name=\"twitter:card\" content=\"summary_large_image\" \/>\n<meta name=\"twitter:image\" content=\"https:\/\/cdn-images.visual-paradigm.com\/features\/v14.1\/enhanced-pert-chart\/enhanced-pert-chart.png\" \/>\n<meta name=\"twitter:label1\" content=\"\u00c9crit par\" \/>\n\t<meta name=\"twitter:data1\" content=\"vpwing\" \/>\n\t<meta name=\"twitter:label2\" content=\"Dur\u00e9e de lecture estim\u00e9e\" \/>\n\t<meta name=\"twitter:data2\" content=\"3 minutes\" \/>\n<script type=\"application\/ld+json\" class=\"yoast-schema-graph\">{\"@context\":\"https:\/\/schema.org\",\"@graph\":[{\"@type\":\"Article\",\"@id\":\"https:\/\/www.cybermedian.com\/fr\/integrate-pert-chart-with-raci-roles-to-task-manager\/#article\",\"isPartOf\":{\"@id\":\"https:\/\/www.cybermedian.com\/fr\/integrate-pert-chart-with-raci-roles-to-task-manager\/\"},\"author\":{\"name\":\"vpwing\",\"@id\":\"https:\/\/www.cybermedian.com\/fr\/#\/schema\/person\/0a4c6bba97e67c6ffa054e995781bc34\"},\"headline\":\"Int\u00e9grer le graphique PERT avec les r\u00f4les RACI au gestionnaire de t\u00e2ches\",\"datePublished\":\"2022-01-26T01:06:44+00:00\",\"dateModified\":\"2026-04-20T09:13:29+00:00\",\"mainEntityOfPage\":{\"@id\":\"https:\/\/www.cybermedian.com\/fr\/integrate-pert-chart-with-raci-roles-to-task-manager\/\"},\"wordCount\":537,\"commentCount\":0,\"image\":{\"@id\":\"https:\/\/www.cybermedian.com\/fr\/integrate-pert-chart-with-raci-roles-to-task-manager\/#primaryimage\"},\"thumbnailUrl\":\"https:\/\/cdn-images.visual-paradigm.com\/features\/v14.1\/enhanced-pert-chart\/enhanced-pert-chart.png\",\"articleSection\":[\"Agile Project Management\",\"Strategic Planning\"],\"inLanguage\":\"fr-FR\",\"potentialAction\":[{\"@type\":\"CommentAction\",\"name\":\"Comment\",\"target\":[\"https:\/\/www.cybermedian.com\/fr\/integrate-pert-chart-with-raci-roles-to-task-manager\/#respond\"]}]},{\"@type\":\"WebPage\",\"@id\":\"https:\/\/www.cybermedian.com\/fr\/integrate-pert-chart-with-raci-roles-to-task-manager\/\",\"url\":\"https:\/\/www.cybermedian.com\/fr\/integrate-pert-chart-with-raci-roles-to-task-manager\/\",\"name\":\"Int\u00e9grer le graphique PERT avec les r\u00f4les RACI au gestionnaire de t\u00e2ches - Cyberm\u00e9diane\",\"isPartOf\":{\"@id\":\"https:\/\/www.cybermedian.com\/fr\/#website\"},\"primaryImageOfPage\":{\"@id\":\"https:\/\/www.cybermedian.com\/fr\/integrate-pert-chart-with-raci-roles-to-task-manager\/#primaryimage\"},\"image\":{\"@id\":\"https:\/\/www.cybermedian.com\/fr\/integrate-pert-chart-with-raci-roles-to-task-manager\/#primaryimage\"},\"thumbnailUrl\":\"https:\/\/cdn-images.visual-paradigm.com\/features\/v14.1\/enhanced-pert-chart\/enhanced-pert-chart.png\",\"datePublished\":\"2022-01-26T01:06:44+00:00\",\"dateModified\":\"2026-04-20T09:13:29+00:00\",\"author\":{\"@id\":\"https:\/\/www.cybermedian.com\/fr\/#\/schema\/person\/0a4c6bba97e67c6ffa054e995781bc34\"},\"breadcrumb\":{\"@id\":\"https:\/\/www.cybermedian.com\/fr\/integrate-pert-chart-with-raci-roles-to-task-manager\/#breadcrumb\"},\"inLanguage\":\"fr-FR\",\"potentialAction\":[{\"@type\":\"ReadAction\",\"target\":[\"https:\/\/www.cybermedian.com\/fr\/integrate-pert-chart-with-raci-roles-to-task-manager\/\"]}]},{\"@type\":\"ImageObject\",\"inLanguage\":\"fr-FR\",\"@id\":\"https:\/\/www.cybermedian.com\/fr\/integrate-pert-chart-with-raci-roles-to-task-manager\/#primaryimage\",\"url\":\"https:\/\/cdn-images.visual-paradigm.com\/features\/v14.1\/enhanced-pert-chart\/enhanced-pert-chart.png\",\"contentUrl\":\"https:\/\/cdn-images.visual-paradigm.com\/features\/v14.1\/enhanced-pert-chart\/enhanced-pert-chart.png\",\"width\":\"1170\",\"height\":\"658\",\"caption\":\"Int\u00e9grer le tableau PERT avec les r\u00f4les RACI au gestionnaire de t\u00e2ches\"},{\"@type\":\"BreadcrumbList\",\"@id\":\"https:\/\/www.cybermedian.com\/fr\/integrate-pert-chart-with-raci-roles-to-task-manager\/#breadcrumb\",\"itemListElement\":[{\"@type\":\"ListItem\",\"position\":1,\"name\":\"Home\",\"item\":\"https:\/\/www.cybermedian.com\/fr\/\"},{\"@type\":\"ListItem\",\"position\":2,\"name\":\"Int\u00e9grer le graphique PERT avec les r\u00f4les RACI au gestionnaire de t\u00e2ches\"}]},{\"@type\":\"WebSite\",\"@id\":\"https:\/\/www.cybermedian.com\/fr\/#website\",\"url\":\"https:\/\/www.cybermedian.com\/fr\/\",\"name\":\"Cyberm\u00e9diane\",\"description\":\"Apprendre une nouvelle chose tous les jours\",\"potentialAction\":[{\"@type\":\"SearchAction\",\"target\":{\"@type\":\"EntryPoint\",\"urlTemplate\":\"https:\/\/www.cybermedian.com\/fr\/?s={search_term_string}\"},\"query-input\":{\"@type\":\"PropertyValueSpecification\",\"valueRequired\":true,\"valueName\":\"search_term_string\"}}],\"inLanguage\":\"fr-FR\"},{\"@type\":\"Person\",\"@id\":\"https:\/\/www.cybermedian.com\/fr\/#\/schema\/person\/0a4c6bba97e67c6ffa054e995781bc34\",\"name\":\"vpwing\",\"image\":{\"@type\":\"ImageObject\",\"inLanguage\":\"fr-FR\",\"@id\":\"https:\/\/www.cybermedian.com\/fr\/#\/schema\/person\/image\/\",\"url\":\"https:\/\/secure.gravatar.com\/avatar\/4b6db296c78a800ccf76c379029a84263fc560f452fabfa00122d9ad34f40a2a?s=96&d=mm&r=g\",\"contentUrl\":\"https:\/\/secure.gravatar.com\/avatar\/4b6db296c78a800ccf76c379029a84263fc560f452fabfa00122d9ad34f40a2a?s=96&d=mm&r=g\",\"caption\":\"vpwing\"},\"url\":\"https:\/\/www.cybermedian.com\/fr\/author\/vpwing\/\"}]}<\/script>\n<!-- \/ Yoast SEO plugin. -->","yoast_head_json":{"title":"Int\u00e9grer le graphique PERT avec les r\u00f4les RACI au gestionnaire de t\u00e2ches - Cyberm\u00e9diane","robots":{"index":"index","follow":"follow","max-snippet":"max-snippet:-1","max-image-preview":"max-image-preview:large","max-video-preview":"max-video-preview:-1"},"canonical":"https:\/\/www.cybermedian.com\/fr\/integrate-pert-chart-with-raci-roles-to-task-manager\/","og_locale":"fr_FR","og_type":"article","og_title":"Int\u00e9grer le graphique PERT avec les r\u00f4les RACI au gestionnaire de t\u00e2ches - Cyberm\u00e9diane","og_description":"Aujourd'hui, je voudrais utiliser Visual Paradigm pour d\u00e9montrer comment effectuer la planification des t\u00e2ches pour les membres de l'\u00e9quipe qui assumeront les r\u00f4les RACI et ces t\u00e2ches dans le tableau PERT am\u00e9lior\u00e9 peuvent \u00eatre automatiquement assign\u00e9es au gestionnaire de t\u00e2ches automatis\u00e9 appel\u00e9 \"Tasifier\" pour la gestion de projet. Un graphique PERT traditionnel est un outil de gestion de projet utilis\u00e9 pour planifier, organiser et coordonner les t\u00e2ches au sein d'un projet. L'outil graphique PERT am\u00e9lior\u00e9 ajoute quatre fonctionnalit\u00e9s suppl\u00e9mentaires pour l'int\u00e9gration avec diff\u00e9rents blocs de construction Visual Paradigm. Vous pouvez faire tout cela dans un modeleur de diagramme PERT am\u00e9lior\u00e9.","og_url":"https:\/\/www.cybermedian.com\/fr\/integrate-pert-chart-with-raci-roles-to-task-manager\/","og_site_name":"Cyberm\u00e9diane","article_published_time":"2022-01-26T01:06:44+00:00","article_modified_time":"2026-04-20T09:13:29+00:00","og_image":[{"url":"https:\/\/cdn-images.visual-paradigm.com\/features\/v14.1\/enhanced-pert-chart\/enhanced-pert-chart.png","type":"","width":"","height":""}],"author":"vpwing","twitter_card":"summary_large_image","twitter_image":"https:\/\/cdn-images.visual-paradigm.com\/features\/v14.1\/enhanced-pert-chart\/enhanced-pert-chart.png","twitter_misc":{"\u00c9crit par":"vpwing","Dur\u00e9e de lecture estim\u00e9e":"3 minutes"},"schema":{"@context":"https:\/\/schema.org","@graph":[{"@type":"Article","@id":"https:\/\/www.cybermedian.com\/fr\/integrate-pert-chart-with-raci-roles-to-task-manager\/#article","isPartOf":{"@id":"https:\/\/www.cybermedian.com\/fr\/integrate-pert-chart-with-raci-roles-to-task-manager\/"},"author":{"name":"vpwing","@id":"https:\/\/www.cybermedian.com\/fr\/#\/schema\/person\/0a4c6bba97e67c6ffa054e995781bc34"},"headline":"Int\u00e9grer le graphique PERT avec les r\u00f4les RACI au gestionnaire de t\u00e2ches","datePublished":"2022-01-26T01:06:44+00:00","dateModified":"2026-04-20T09:13:29+00:00","mainEntityOfPage":{"@id":"https:\/\/www.cybermedian.com\/fr\/integrate-pert-chart-with-raci-roles-to-task-manager\/"},"wordCount":537,"commentCount":0,"image":{"@id":"https:\/\/www.cybermedian.com\/fr\/integrate-pert-chart-with-raci-roles-to-task-manager\/#primaryimage"},"thumbnailUrl":"https:\/\/cdn-images.visual-paradigm.com\/features\/v14.1\/enhanced-pert-chart\/enhanced-pert-chart.png","articleSection":["Agile Project Management","Strategic Planning"],"inLanguage":"fr-FR","potentialAction":[{"@type":"CommentAction","name":"Comment","target":["https:\/\/www.cybermedian.com\/fr\/integrate-pert-chart-with-raci-roles-to-task-manager\/#respond"]}]},{"@type":"WebPage","@id":"https:\/\/www.cybermedian.com\/fr\/integrate-pert-chart-with-raci-roles-to-task-manager\/","url":"https:\/\/www.cybermedian.com\/fr\/integrate-pert-chart-with-raci-roles-to-task-manager\/","name":"Int\u00e9grer le graphique PERT avec les r\u00f4les RACI au gestionnaire de t\u00e2ches - Cyberm\u00e9diane","isPartOf":{"@id":"https:\/\/www.cybermedian.com\/fr\/#website"},"primaryImageOfPage":{"@id":"https:\/\/www.cybermedian.com\/fr\/integrate-pert-chart-with-raci-roles-to-task-manager\/#primaryimage"},"image":{"@id":"https:\/\/www.cybermedian.com\/fr\/integrate-pert-chart-with-raci-roles-to-task-manager\/#primaryimage"},"thumbnailUrl":"https:\/\/cdn-images.visual-paradigm.com\/features\/v14.1\/enhanced-pert-chart\/enhanced-pert-chart.png","datePublished":"2022-01-26T01:06:44+00:00","dateModified":"2026-04-20T09:13:29+00:00","author":{"@id":"https:\/\/www.cybermedian.com\/fr\/#\/schema\/person\/0a4c6bba97e67c6ffa054e995781bc34"},"breadcrumb":{"@id":"https:\/\/www.cybermedian.com\/fr\/integrate-pert-chart-with-raci-roles-to-task-manager\/#breadcrumb"},"inLanguage":"fr-FR","potentialAction":[{"@type":"ReadAction","target":["https:\/\/www.cybermedian.com\/fr\/integrate-pert-chart-with-raci-roles-to-task-manager\/"]}]},{"@type":"ImageObject","inLanguage":"fr-FR","@id":"https:\/\/www.cybermedian.com\/fr\/integrate-pert-chart-with-raci-roles-to-task-manager\/#primaryimage","url":"https:\/\/cdn-images.visual-paradigm.com\/features\/v14.1\/enhanced-pert-chart\/enhanced-pert-chart.png","contentUrl":"https:\/\/cdn-images.visual-paradigm.com\/features\/v14.1\/enhanced-pert-chart\/enhanced-pert-chart.png","width":"1170","height":"658","caption":"Int\u00e9grer le tableau PERT avec les r\u00f4les RACI au gestionnaire de t\u00e2ches"},{"@type":"BreadcrumbList","@id":"https:\/\/www.cybermedian.com\/fr\/integrate-pert-chart-with-raci-roles-to-task-manager\/#breadcrumb","itemListElement":[{"@type":"ListItem","position":1,"name":"Home","item":"https:\/\/www.cybermedian.com\/fr\/"},{"@type":"ListItem","position":2,"name":"Int\u00e9grer le graphique PERT avec les r\u00f4les RACI au gestionnaire de t\u00e2ches"}]},{"@type":"WebSite","@id":"https:\/\/www.cybermedian.com\/fr\/#website","url":"https:\/\/www.cybermedian.com\/fr\/","name":"Cyberm\u00e9diane","description":"Apprendre une nouvelle chose tous les jours","potentialAction":[{"@type":"SearchAction","target":{"@type":"EntryPoint","urlTemplate":"https:\/\/www.cybermedian.com\/fr\/?s={search_term_string}"},"query-input":{"@type":"PropertyValueSpecification","valueRequired":true,"valueName":"search_term_string"}}],"inLanguage":"fr-FR"},{"@type":"Person","@id":"https:\/\/www.cybermedian.com\/fr\/#\/schema\/person\/0a4c6bba97e67c6ffa054e995781bc34","name":"vpwing","image":{"@type":"ImageObject","inLanguage":"fr-FR","@id":"https:\/\/www.cybermedian.com\/fr\/#\/schema\/person\/image\/","url":"https:\/\/secure.gravatar.com\/avatar\/4b6db296c78a800ccf76c379029a84263fc560f452fabfa00122d9ad34f40a2a?s=96&d=mm&r=g","contentUrl":"https:\/\/secure.gravatar.com\/avatar\/4b6db296c78a800ccf76c379029a84263fc560f452fabfa00122d9ad34f40a2a?s=96&d=mm&r=g","caption":"vpwing"},"url":"https:\/\/www.cybermedian.com\/fr\/author\/vpwing\/"}]}},"_links":{"self":[{"href":"https:\/\/www.cybermedian.com\/fr\/wp-json\/wp\/v2\/posts\/9948","targetHints":{"allow":["GET"]}}],"collection":[{"href":"https:\/\/www.cybermedian.com\/fr\/wp-json\/wp\/v2\/posts"}],"about":[{"href":"https:\/\/www.cybermedian.com\/fr\/wp-json\/wp\/v2\/types\/post"}],"author":[{"embeddable":true,"href":"https:\/\/www.cybermedian.com\/fr\/wp-json\/wp\/v2\/users\/5"}],"replies":[{"embeddable":true,"href":"https:\/\/www.cybermedian.com\/fr\/wp-json\/wp\/v2\/comments?post=9948"}],"version-history":[{"count":2,"href":"https:\/\/www.cybermedian.com\/fr\/wp-json\/wp\/v2\/posts\/9948\/revisions"}],"predecessor-version":[{"id":9951,"href":"https:\/\/www.cybermedian.com\/fr\/wp-json\/wp\/v2\/posts\/9948\/revisions\/9951"}],"wp:featuredmedia":[{"embeddable":true,"href":"https:\/\/www.cybermedian.com\/fr\/wp-json\/wp\/v2\/media\/9950"}],"wp:attachment":[{"href":"https:\/\/www.cybermedian.com\/fr\/wp-json\/wp\/v2\/media?parent=9948"}],"wp:term":[{"taxonomy":"category","embeddable":true,"href":"https:\/\/www.cybermedian.com\/fr\/wp-json\/wp\/v2\/categories?post=9948"},{"taxonomy":"post_tag","embeddable":true,"href":"https:\/\/www.cybermedian.com\/fr\/wp-json\/wp\/v2\/tags?post=9948"}],"curies":[{"name":"wp","href":"https:\/\/api.w.org\/{rel}","templated":true}]}}